{"id":23294,"date":"2019-01-14T15:11:45","date_gmt":"2019-01-14T14:11:45","guid":{"rendered":"https:\/\/perspektivet.no\/?post_type=nyheter&#038;p=23294"},"modified":"2023-01-09T10:50:09","modified_gmt":"2023-01-09T09:50:09","slug":"lunchprogramme-during-sami-week","status":"publish","type":"post","link":"https:\/\/perspektivet.no\/en\/lunchprogramme-during-sami-week\/","title":{"rendered":"Lunch consert during Sami Week"},"content":{"rendered":"<p>During this years Sami week in Troms\u00f8, Perspektivet Museum and G\u00e1isi Giellaguovdd\u00e1\u0161 invites you to a free lunch concert at the museum.<\/p>\n<p>S\u00e1r\u00e1 M\u00e1rj\u00e1 is a s\u00e1mi artist with a distinct voice, known as the vocalist in the metal band Cretura. Now she is ready to present her solo work. The music has been described as experimental and urban. She draws inspiration from a desire to create something new and continously challenges her comfort zone. With a base in Bergen, S\u00e1r\u00e1 M\u00e1rj\u00e1 has increasingly seen the value of the s\u00e1mi culture, and proudly presents her background and s\u00e1mi identity.<\/p>\n<p><em>In cooperation with G\u00e1isi Giellaguovdd\u00e1\u0161 &amp; Perspektivet Museum<br \/>\n<\/em><strong><em><br \/>\nThursday February 7th 12.00, Storgata 95, Free entrance<\/em><\/strong><\/p>\n<p><em>Photo: Arnt Peder Nilsen<\/em><\/p>\n","protected":false},"excerpt":{"rendered":"<p>During this years Sami week in Troms\u00f8, Perspektivet Museum and G\u00e1isi Giellaguovdd\u00e1\u0161 invites you to a free lunch concert at the museum. S\u00e1r\u00e1 M\u00e1rj\u00e1 is a s\u00e1mi artist with a distinct voice, known as the vocalist in the metal band Cretura. Now she is ready to present her solo work. The music has been described [&hellip;]<\/p>\n","protected":false},"author":4,"featured_media":23272,"comment_status":"closed","ping_status":"closed","sticky":false,"template":"","format":"standard","meta":{"_acf_changed":false,"_trash_the_other_posts":false,"editor_notices":[],"footnotes":""},"class_list":["post-23294","post","type-post","status-publish","format-standard","has-post-thumbnail","hentry"],"acf":[],"_links":{"self":[{"href":"https:\/\/perspektivet.no\/en\/wp-json\/wp\/v2\/posts\/23294","targetHints":{"allow":["GET"]}}],"collection":[{"href":"https:\/\/perspektivet.no\/en\/wp-json\/wp\/v2\/posts"}],"about":[{"href":"https:\/\/perspektivet.no\/en\/wp-json\/wp\/v2\/types\/post"}],"author":[{"embeddable":true,"href":"https:\/\/perspektivet.no\/en\/wp-json\/wp\/v2\/users\/4"}],"replies":[{"embeddable":true,"href":"https:\/\/perspektivet.no\/en\/wp-json\/wp\/v2\/comments?post=23294"}],"version-history":[{"count":0,"href":"https:\/\/perspektivet.no\/en\/wp-json\/wp\/v2\/posts\/23294\/revisions"}],"wp:featuredmedia":[{"embeddable":true,"href":"https:\/\/perspektivet.no\/en\/wp-json\/wp\/v2\/media\/23272"}],"wp:attachment":[{"href":"https:\/\/perspektivet.no\/en\/wp-json\/wp\/v2\/media?parent=23294"}],"curies":[{"name":"wp","href":"https:\/\/api.w.org\/{rel}","templated":true}]}}